{"id":446,"date":"2022-05-27T15:22:00","date_gmt":"2022-05-27T13:22:00","guid":{"rendered":"https:\/\/atlantedelgiallo.unilink.it\/?p=446"},"modified":"2022-05-30T09:26:22","modified_gmt":"2022-05-30T07:26:22","slug":"petra-in-viaggio-da-barcellona-a-genova","status":"publish","type":"post","link":"https:\/\/atlantedelgiallo.unilink.it\/index.php\/2022\/05\/27\/petra-in-viaggio-da-barcellona-a-genova\/","title":{"rendered":"Petra: in viaggio da Barcellona a Genova"},"content":{"rendered":"\n<p>Dopo l\u2019esperienza seriale pionieristica di <em><i>Quo vadis, baby?<\/i><\/em>\u00a0nel 2008, con Angela Baraldi nei panni dell\u2019investigatrice Giorgia Cantini, Sky \u00e8 tornata di recente su narrazioni poliziesche al femminile adattando la serie di romanzi di Alicia Gim\u00e9nez Bartlett sull\u2019ispettrice Petra Delicado (Delicato nella versione televisiva italiana coprodotta con Cattleya, 2020-), che dalla Barcellona degli anni Novanta (il primo romanzo, <em><i>Riti di morte<\/i><\/em>, \u00e8 del 1996) vengono cos\u00ec rilocati nella Genova contemporanea. Sulla base alle interviste che abbiamo realizzato per ricostruire la storia di produzione della serie, possiamo sintetizzare la scelta della <a href=\"https:\/\/italyformovies.it\/film-serie-tv-games\/detail\/6974\/petra\" target=\"_blank\" rel=\"noopener\"><u>location italiana<\/u><\/a>\u00a0sulla base di tre ordini di ragioni.<\/p>\n\n\n\n<p>La prima \u00e8 legata alle analogie con la citt\u00e0 di ambientazione dei romanzi. \u201cSe uno ha letto i libri\u201d dichiarano gli sceneggiatori Furio Andreotti, Giulia Calenda e Ilaria Macchia \u201csa che Barcellona \u00e8 praticamente un personaggio, vive di tutti i suoi quartieri, le sue stratificazioni sociali, e poi \u00e8 una citt\u00e0 di mare, un grande porto, un via vai di culture e di gente\u201d. Come spiega la produttrice di Cattleya Arianna De Chiara, Genova ha offerto tutti questi elementi, e in particolare una \u201cverticalit\u00e0\u201d che \u00e8 sia geomorfologica e architettonica, e quindi visiva, sia storica, come stratificazione sociale e culturale. Come sottolinea anche la regista Maria Sole Tognazzi, Genova \u201c\u00e8 una citt\u00e0 che a seconda del quartiere ti permette di raccontare stati d\u2019animo diversi\u201d.<\/p>\n\n\n\n<figure class=\"wp-block-image size-full\"><img decoding=\"async\" width=\"640\" height=\"345\" data-src=\"https:\/\/atlantedelgiallo.unilink.it\/wp-content\/uploads\/2022\/05\/petra-1.png\" alt=\"\" class=\"wp-image-451 lazyload\" data-srcset=\"https:\/\/atlantedelgiallo.unilink.it\/wp-content\/uploads\/2022\/05\/petra-1.png 640w, https:\/\/atlantedelgiallo.unilink.it\/wp-content\/uploads\/2022\/05\/petra-1-300x162.png 300w\" data-sizes=\"(max-width: 640px) 100vw, 640px\" src=\"data:image\/gif;base64,R0lGODlhAQABAAAAACH5BAEKAAEALAAAAAABAAEAAAICTAEAOw==\" style=\"--smush-placeholder-width: 640px; --smush-placeholder-aspect-ratio: 640\/345;\" \/><\/figure>\n\n\n\n<p>La seconda ragione risiede nella capacit\u00e0 di Genova di raccontare il personaggio di Petra e la sua fuga da Roma, sua citt\u00e0 di origine nella trasposizione italiana. Come hanno sottolineato gli sceneggiatori, \u201cGenova \u00e8 anche citt\u00e0 schiva, e ci sembrava perfetta per rappresentare il personaggio di Petra nella sua scelta di \u2018stare da parte\u2019, la sua emotivit\u00e0\u201d \u2013 una scelta emblematicamente rappresentata dai momenti di solitudine pensosa che Petra si ritaglia all\u2019acquario o sul lungomare.<\/p>\n\n\n\n<figure class=\"wp-block-image size-full\"><img decoding=\"async\" width=\"640\" height=\"346\" data-src=\"https:\/\/atlantedelgiallo.unilink.it\/wp-content\/uploads\/2022\/05\/petra-2.png\" alt=\"\" class=\"wp-image-452 lazyload\" data-srcset=\"https:\/\/atlantedelgiallo.unilink.it\/wp-content\/uploads\/2022\/05\/petra-2.png 640w, https:\/\/atlantedelgiallo.unilink.it\/wp-content\/uploads\/2022\/05\/petra-2-300x162.png 300w\" data-sizes=\"(max-width: 640px) 100vw, 640px\" src=\"data:image\/gif;base64,R0lGODlhAQABAAAAACH5BAEKAAEALAAAAAABAAEAAAICTAEAOw==\" style=\"--smush-placeholder-width: 640px; --smush-placeholder-aspect-ratio: 640\/346;\" \/><\/figure>\n\n\n\n<figure class=\"wp-block-image size-full\"><img decoding=\"async\" width=\"640\" height=\"344\" data-src=\"https:\/\/atlantedelgiallo.unilink.it\/wp-content\/uploads\/2022\/05\/petra-3.png\" alt=\"\" class=\"wp-image-453 lazyload\" data-srcset=\"https:\/\/atlantedelgiallo.unilink.it\/wp-content\/uploads\/2022\/05\/petra-3.png 640w, https:\/\/atlantedelgiallo.unilink.it\/wp-content\/uploads\/2022\/05\/petra-3-300x161.png 300w\" data-sizes=\"(max-width: 640px) 100vw, 640px\" src=\"data:image\/gif;base64,R0lGODlhAQABAAAAACH5BAEKAAEALAAAAAABAAEAAAICTAEAOw==\" style=\"--smush-placeholder-width: 640px; --smush-placeholder-aspect-ratio: 640\/344;\" \/><\/figure>\n\n\n\n<p>A ben guardare, Genova ha pi\u00f9 precisamente con il personaggio di Petra un rapporto di somiglianza e al contempo differenza: per esempio, i toni chiari (anche se mai del tutto solari) che assume nel momento in cui ampie vedute urbane accompagnano il tragitto da casa alla stazione di polizia contrastano con i toni scuri e asettici degli ambienti in cui Petra vive e lavora, geometrici e \u201cspigolosi\u201d come il suo temperamento.<\/p>\n\n\n\n<figure class=\"wp-block-image size-full\"><img decoding=\"async\" width=\"640\" height=\"346\" data-src=\"https:\/\/atlantedelgiallo.unilink.it\/wp-content\/uploads\/2022\/05\/petra-4.png\" alt=\"\" class=\"wp-image-454 lazyload\" data-srcset=\"https:\/\/atlantedelgiallo.unilink.it\/wp-content\/uploads\/2022\/05\/petra-4.png 640w, https:\/\/atlantedelgiallo.unilink.it\/wp-content\/uploads\/2022\/05\/petra-4-300x162.png 300w\" data-sizes=\"(max-width: 640px) 100vw, 640px\" src=\"data:image\/gif;base64,R0lGODlhAQABAAAAACH5BAEKAAEALAAAAAABAAEAAAICTAEAOw==\" style=\"--smush-placeholder-width: 640px; --smush-placeholder-aspect-ratio: 640\/346;\" \/><\/figure>\n\n\n\n<figure class=\"wp-block-image size-full\"><img decoding=\"async\" width=\"640\" height=\"344\" data-src=\"https:\/\/atlantedelgiallo.unilink.it\/wp-content\/uploads\/2022\/05\/petra-5.png\" alt=\"\" class=\"wp-image-455 lazyload\" data-srcset=\"https:\/\/atlantedelgiallo.unilink.it\/wp-content\/uploads\/2022\/05\/petra-5.png 640w, https:\/\/atlantedelgiallo.unilink.it\/wp-content\/uploads\/2022\/05\/petra-5-300x161.png 300w\" data-sizes=\"(max-width: 640px) 100vw, 640px\" src=\"data:image\/gif;base64,R0lGODlhAQABAAAAACH5BAEKAAEALAAAAAABAAEAAAICTAEAOw==\" style=\"--smush-placeholder-width: 640px; --smush-placeholder-aspect-ratio: 640\/344;\" \/><\/figure>\n\n\n\n<p>Infine, Genova si offriva come una location meno vista, meno convenzionale, e in grado di dialogare i con modelli internazionali contemporanei e la progressiva tendenza a diversificare le ambientazioni per favorire il superamento degli stereotipi turistici nazionali.<\/p>\n\n\n\n<p>Se \u00e8 vero che la \u201cvolont\u00e0 di allargare gli orizzonti narrativi\u201d implica anche la necessit\u00e0 di ampliare \u201cquelli visivi\u201d (De Chiara), bisognava \u201csganciarsi dal riferimento a Montalbano, e la Sicilia era zona tabu\u201d. Lo ribadisce in maniera molto netta anche il direttore di produzione e location manager Michele Ottaggio: \u201cSi voleva escludere una citt\u00e0 meridionale perch\u00e9 si voleva un\u2019ambientazione un po\u2019 pi\u00f9 nordica, una citt\u00e0 con un passato industriale, con un\u2019idea un po\u2019 pi\u00f9 europea\u201d.<\/p>\n\n\n\n<p>Chiaramente, l\u2019atmosfera e la capacit\u00e0 comunicativa di una location non possono prescindere dalle sue modalit\u00e0 di rappresentazione. Da un lato, gli sceneggiatori dichiarano di non aver \u201cmai immaginato una serie solare, che \u00e8 lo stereotipo dell\u2019Italia nel mondo. I nostri riferimenti sono sempre stati tutti al nord: [\u2026] la luce che c\u2019\u00e8 in <em><i>Petra<\/i><\/em>&nbsp;\u00e8 una luce del nord e non del sud, e corrisponde perfettamente al tipo di personaggio e al tipo di storie\u201d.<\/p>\n\n\n\n<figure class=\"wp-block-image size-full\"><img decoding=\"async\" width=\"640\" height=\"344\" data-src=\"https:\/\/atlantedelgiallo.unilink.it\/wp-content\/uploads\/2022\/05\/petra-6.png\" alt=\"\" class=\"wp-image-458 lazyload\" data-srcset=\"https:\/\/atlantedelgiallo.unilink.it\/wp-content\/uploads\/2022\/05\/petra-6.png 640w, https:\/\/atlantedelgiallo.unilink.it\/wp-content\/uploads\/2022\/05\/petra-6-300x161.png 300w\" data-sizes=\"(max-width: 640px) 100vw, 640px\" src=\"data:image\/gif;base64,R0lGODlhAQABAAAAACH5BAEKAAEALAAAAAABAAEAAAICTAEAOw==\" style=\"--smush-placeholder-width: 640px; --smush-placeholder-aspect-ratio: 640\/344;\" \/><\/figure>\n\n\n\n<figure class=\"wp-block-image size-full\"><img decoding=\"async\" width=\"640\" height=\"345\" data-src=\"https:\/\/atlantedelgiallo.unilink.it\/wp-content\/uploads\/2022\/05\/petra-7-1.png\" alt=\"\" class=\"wp-image-457 lazyload\" data-srcset=\"https:\/\/atlantedelgiallo.unilink.it\/wp-content\/uploads\/2022\/05\/petra-7-1.png 640w, https:\/\/atlantedelgiallo.unilink.it\/wp-content\/uploads\/2022\/05\/petra-7-1-300x162.png 300w\" data-sizes=\"(max-width: 640px) 100vw, 640px\" src=\"data:image\/gif;base64,R0lGODlhAQABAAAAACH5BAEKAAEALAAAAAABAAEAAAICTAEAOw==\" style=\"--smush-placeholder-width: 640px; --smush-placeholder-aspect-ratio: 640\/345;\" \/><\/figure>\n\n\n\n<p>Dall\u2019altro, riconoscono l\u2019apporto dello stile visivo di Tognazzi, che ha saputo rappresentare visivamente quel tipo di atmosfera, e della sua \u201cregia autoriale che d\u00e0 alla serie un carattere europeo, perch\u00e9 porta una poetica\u201d. Nella nostra intervista, Tognazzi ha spiegato:<\/p>\n\n\n\n<blockquote class=\"wp-block-quote is-layout-flow wp-block-quote-is-layout-flow\"><p>Noi vediamo serie di altri paesi, talvolta siamo affascinati proprio dal fatto che provengano da quei paesi, diventa quasi un elemento di attrazione, perch\u00e9 ti consente di viaggiare, che \u00e8 il grande merito delle storie. [\u2026] L\u2019esportabilit\u00e0 non ti deve condizionare, non devi girare avendo in mente quel target di un dato paese. Sapevo che Genova sarebbe stata vista in tante parti del mondo, e questa era una responsabilit\u00e0, ma avevo in mente come raccontarla e rappresentarla. Non voleva fare la Genova da cartolina, ma volevo raccontarla come fosse un personaggio, e lo \u00e8 a tutti gli effetti.<\/p><\/blockquote>\n\n\n\n<blockquote class=\"wp-block-quote is-layout-flow wp-block-quote-is-layout-flow\"><p><em>Le interviste citate nell&#8217;articolo sono state realizzate online da Valentina Re ed Elena D\u2019Amelio tra il 30 novembre e il 10 dicembre 2020.<\/em><\/p><\/blockquote>\n","protected":false},"excerpt":{"rendered":"<p>Perch\u00e9 ambientare Petra a Genova?<\/p>\n","protected":false},"author":3,"featured_media":453,"comment_status":"closed","ping_status":"open","sticky":false,"template":"","format":"standard","meta":{"footnotes":""},"categories":[5],"tags":[11,12,10],"class_list":["post-446","post","type-post","status-publish","format-standard","has-post-thumbnail","hentry","category-risorse","tag-location","tag-maria-sole-tognazzi","tag-petra"],"yoast_head":"<!-- This site is optimized with the Yoast SEO plugin v24.4 - https:\/\/yoast.com\/wordpress\/plugins\/seo\/ -->\n<title>Petra: in viaggio da Barcellona a Genova - Atlante del giallo<\/title>\n<meta name=\"robots\" content=\"index, follow, max-snippet:-1, max-image-preview:large, max-video-preview:-1\" \/>\n<link rel=\"canonical\" href=\"https:\/\/atlantedelgiallo.unilink.it\/index.php\/2022\/05\/27\/petra-in-viaggio-da-barcellona-a-genova\/\" \/>\n<meta property=\"og:locale\" content=\"it_IT\" \/>\n<meta property=\"og:type\" content=\"article\" \/>\n<meta property=\"og:title\" content=\"Petra: in viaggio da Barcellona a Genova - Atlante del giallo\" \/>\n<meta property=\"og:description\" content=\"Perch\u00e9 ambientare Petra a Genova?\" \/>\n<meta property=\"og:url\" content=\"https:\/\/atlantedelgiallo.unilink.it\/index.php\/2022\/05\/27\/petra-in-viaggio-da-barcellona-a-genova\/\" \/>\n<meta property=\"og:site_name\" content=\"Atlante del giallo\" \/>\n<meta property=\"article:published_time\" content=\"2022-05-27T13:22:00+00:00\" \/>\n<meta property=\"article:modified_time\" content=\"2022-05-30T07:26:22+00:00\" \/>\n<meta property=\"og:image\" content=\"https:\/\/atlantedelgiallo.unilink.it\/wp-content\/uploads\/2022\/05\/petra-3.png\" \/>\n\t<meta property=\"og:image:width\" content=\"640\" \/>\n\t<meta property=\"og:image:height\" content=\"344\" \/>\n\t<meta property=\"og:image:type\" content=\"image\/png\" \/>\n<meta name=\"author\" content=\"Valentina Re\" \/>\n<meta name=\"twitter:card\" content=\"summary_large_image\" \/>\n<script type=\"application\/ld+json\" class=\"yoast-schema-graph\">{\"@context\":\"https:\/\/schema.org\",\"@graph\":[{\"@type\":\"Article\",\"@id\":\"https:\/\/atlantedelgiallo.unilink.it\/index.php\/2022\/05\/27\/petra-in-viaggio-da-barcellona-a-genova\/#article\",\"isPartOf\":{\"@id\":\"https:\/\/atlantedelgiallo.unilink.it\/index.php\/2022\/05\/27\/petra-in-viaggio-da-barcellona-a-genova\/\"},\"author\":{\"name\":\"Valentina Re\",\"@id\":\"https:\/\/atlantedelgiallo.unilink.it\/#\/schema\/person\/1807ec08cb223c1ed6fbcb3089227a32\"},\"headline\":\"Petra: in viaggio da Barcellona a Genova\",\"datePublished\":\"2022-05-27T13:22:00+00:00\",\"dateModified\":\"2022-05-30T07:26:22+00:00\",\"mainEntityOfPage\":{\"@id\":\"https:\/\/atlantedelgiallo.unilink.it\/index.php\/2022\/05\/27\/petra-in-viaggio-da-barcellona-a-genova\/\"},\"wordCount\":717,\"publisher\":{\"@id\":\"https:\/\/atlantedelgiallo.unilink.it\/#organization\"},\"image\":{\"@id\":\"https:\/\/atlantedelgiallo.unilink.it\/index.php\/2022\/05\/27\/petra-in-viaggio-da-barcellona-a-genova\/#primaryimage\"},\"thumbnailUrl\":\"https:\/\/atlantedelgiallo.unilink.it\/wp-content\/uploads\/2022\/05\/petra-3.png\",\"keywords\":[\"Location\",\"Maria Sole Tognazzi\",\"Petra\"],\"articleSection\":[\"Risorse\"],\"inLanguage\":\"it-IT\"},{\"@type\":\"WebPage\",\"@id\":\"https:\/\/atlantedelgiallo.unilink.it\/index.php\/2022\/05\/27\/petra-in-viaggio-da-barcellona-a-genova\/\",\"url\":\"https:\/\/atlantedelgiallo.unilink.it\/index.php\/2022\/05\/27\/petra-in-viaggio-da-barcellona-a-genova\/\",\"name\":\"Petra: in viaggio da Barcellona a Genova - Atlante del giallo\",\"isPartOf\":{\"@id\":\"https:\/\/atlantedelgiallo.unilink.it\/#website\"},\"primaryImageOfPage\":{\"@id\":\"https:\/\/atlantedelgiallo.unilink.it\/index.php\/2022\/05\/27\/petra-in-viaggio-da-barcellona-a-genova\/#primaryimage\"},\"image\":{\"@id\":\"https:\/\/atlantedelgiallo.unilink.it\/index.php\/2022\/05\/27\/petra-in-viaggio-da-barcellona-a-genova\/#primaryimage\"},\"thumbnailUrl\":\"https:\/\/atlantedelgiallo.unilink.it\/wp-content\/uploads\/2022\/05\/petra-3.png\",\"datePublished\":\"2022-05-27T13:22:00+00:00\",\"dateModified\":\"2022-05-30T07:26:22+00:00\",\"breadcrumb\":{\"@id\":\"https:\/\/atlantedelgiallo.unilink.it\/index.php\/2022\/05\/27\/petra-in-viaggio-da-barcellona-a-genova\/#breadcrumb\"},\"inLanguage\":\"it-IT\",\"potentialAction\":[{\"@type\":\"ReadAction\",\"target\":[\"https:\/\/atlantedelgiallo.unilink.it\/index.php\/2022\/05\/27\/petra-in-viaggio-da-barcellona-a-genova\/\"]}]},{\"@type\":\"ImageObject\",\"inLanguage\":\"it-IT\",\"@id\":\"https:\/\/atlantedelgiallo.unilink.it\/index.php\/2022\/05\/27\/petra-in-viaggio-da-barcellona-a-genova\/#primaryimage\",\"url\":\"https:\/\/atlantedelgiallo.unilink.it\/wp-content\/uploads\/2022\/05\/petra-3.png\",\"contentUrl\":\"https:\/\/atlantedelgiallo.unilink.it\/wp-content\/uploads\/2022\/05\/petra-3.png\",\"width\":640,\"height\":344},{\"@type\":\"BreadcrumbList\",\"@id\":\"https:\/\/atlantedelgiallo.unilink.it\/index.php\/2022\/05\/27\/petra-in-viaggio-da-barcellona-a-genova\/#breadcrumb\",\"itemListElement\":[{\"@type\":\"ListItem\",\"position\":1,\"name\":\"Home\",\"item\":\"https:\/\/atlantedelgiallo.unilink.it\/\"},{\"@type\":\"ListItem\",\"position\":2,\"name\":\"Petra: in viaggio da Barcellona a Genova\"}]},{\"@type\":\"WebSite\",\"@id\":\"https:\/\/atlantedelgiallo.unilink.it\/#website\",\"url\":\"https:\/\/atlantedelgiallo.unilink.it\/\",\"name\":\"Atlante del giallo\",\"description\":\"Progetto Prin 2020\",\"publisher\":{\"@id\":\"https:\/\/atlantedelgiallo.unilink.it\/#organization\"},\"potentialAction\":[{\"@type\":\"SearchAction\",\"target\":{\"@type\":\"EntryPoint\",\"urlTemplate\":\"https:\/\/atlantedelgiallo.unilink.it\/?s={search_term_string}\"},\"query-input\":{\"@type\":\"PropertyValueSpecification\",\"valueRequired\":true,\"valueName\":\"search_term_string\"}}],\"inLanguage\":\"it-IT\"},{\"@type\":\"Organization\",\"@id\":\"https:\/\/atlantedelgiallo.unilink.it\/#organization\",\"name\":\"Atlante del giallo - Progetto Prin 2020\",\"url\":\"https:\/\/atlantedelgiallo.unilink.it\/\",\"logo\":{\"@type\":\"ImageObject\",\"inLanguage\":\"it-IT\",\"@id\":\"https:\/\/atlantedelgiallo.unilink.it\/#\/schema\/logo\/image\/\",\"url\":\"https:\/\/atlantedelgiallo.unilink.it\/wp-content\/uploads\/2022\/05\/negativo-colore-1.png\",\"contentUrl\":\"https:\/\/atlantedelgiallo.unilink.it\/wp-content\/uploads\/2022\/05\/negativo-colore-1.png\",\"width\":2122,\"height\":1982,\"caption\":\"Atlante del giallo - Progetto Prin 2020\"},\"image\":{\"@id\":\"https:\/\/atlantedelgiallo.unilink.it\/#\/schema\/logo\/image\/\"}},{\"@type\":\"Person\",\"@id\":\"https:\/\/atlantedelgiallo.unilink.it\/#\/schema\/person\/1807ec08cb223c1ed6fbcb3089227a32\",\"name\":\"Valentina Re\",\"image\":{\"@type\":\"ImageObject\",\"inLanguage\":\"it-IT\",\"@id\":\"https:\/\/atlantedelgiallo.unilink.it\/#\/schema\/person\/image\/\",\"url\":\"https:\/\/secure.gravatar.com\/avatar\/94d2feb17c1caf91868740b191cac4500542b077624b5289882662b814770393?s=96&d=mm&r=g\",\"contentUrl\":\"https:\/\/secure.gravatar.com\/avatar\/94d2feb17c1caf91868740b191cac4500542b077624b5289882662b814770393?s=96&d=mm&r=g\",\"caption\":\"Valentina Re\"},\"url\":\"https:\/\/atlantedelgiallo.unilink.it\/index.php\/author\/valentina-re\/\"}]}<\/script>\n<!-- \/ Yoast SEO plugin. -->","yoast_head_json":{"title":"Petra: in viaggio da Barcellona a Genova - Atlante del giallo","robots":{"index":"index","follow":"follow","max-snippet":"max-snippet:-1","max-image-preview":"max-image-preview:large","max-video-preview":"max-video-preview:-1"},"canonical":"https:\/\/atlantedelgiallo.unilink.it\/index.php\/2022\/05\/27\/petra-in-viaggio-da-barcellona-a-genova\/","og_locale":"it_IT","og_type":"article","og_title":"Petra: in viaggio da Barcellona a Genova - Atlante del giallo","og_description":"Perch\u00e9 ambientare Petra a Genova?","og_url":"https:\/\/atlantedelgiallo.unilink.it\/index.php\/2022\/05\/27\/petra-in-viaggio-da-barcellona-a-genova\/","og_site_name":"Atlante del giallo","article_published_time":"2022-05-27T13:22:00+00:00","article_modified_time":"2022-05-30T07:26:22+00:00","og_image":[{"width":640,"height":344,"url":"https:\/\/atlantedelgiallo.unilink.it\/wp-content\/uploads\/2022\/05\/petra-3.png","type":"image\/png"}],"author":"Valentina Re","twitter_card":"summary_large_image","schema":{"@context":"https:\/\/schema.org","@graph":[{"@type":"Article","@id":"https:\/\/atlantedelgiallo.unilink.it\/index.php\/2022\/05\/27\/petra-in-viaggio-da-barcellona-a-genova\/#article","isPartOf":{"@id":"https:\/\/atlantedelgiallo.unilink.it\/index.php\/2022\/05\/27\/petra-in-viaggio-da-barcellona-a-genova\/"},"author":{"name":"Valentina Re","@id":"https:\/\/atlantedelgiallo.unilink.it\/#\/schema\/person\/1807ec08cb223c1ed6fbcb3089227a32"},"headline":"Petra: in viaggio da Barcellona a Genova","datePublished":"2022-05-27T13:22:00+00:00","dateModified":"2022-05-30T07:26:22+00:00","mainEntityOfPage":{"@id":"https:\/\/atlantedelgiallo.unilink.it\/index.php\/2022\/05\/27\/petra-in-viaggio-da-barcellona-a-genova\/"},"wordCount":717,"publisher":{"@id":"https:\/\/atlantedelgiallo.unilink.it\/#organization"},"image":{"@id":"https:\/\/atlantedelgiallo.unilink.it\/index.php\/2022\/05\/27\/petra-in-viaggio-da-barcellona-a-genova\/#primaryimage"},"thumbnailUrl":"https:\/\/atlantedelgiallo.unilink.it\/wp-content\/uploads\/2022\/05\/petra-3.png","keywords":["Location","Maria Sole Tognazzi","Petra"],"articleSection":["Risorse"],"inLanguage":"it-IT"},{"@type":"WebPage","@id":"https:\/\/atlantedelgiallo.unilink.it\/index.php\/2022\/05\/27\/petra-in-viaggio-da-barcellona-a-genova\/","url":"https:\/\/atlantedelgiallo.unilink.it\/index.php\/2022\/05\/27\/petra-in-viaggio-da-barcellona-a-genova\/","name":"Petra: in viaggio da Barcellona a Genova - Atlante del giallo","isPartOf":{"@id":"https:\/\/atlantedelgiallo.unilink.it\/#website"},"primaryImageOfPage":{"@id":"https:\/\/atlantedelgiallo.unilink.it\/index.php\/2022\/05\/27\/petra-in-viaggio-da-barcellona-a-genova\/#primaryimage"},"image":{"@id":"https:\/\/atlantedelgiallo.unilink.it\/index.php\/2022\/05\/27\/petra-in-viaggio-da-barcellona-a-genova\/#primaryimage"},"thumbnailUrl":"https:\/\/atlantedelgiallo.unilink.it\/wp-content\/uploads\/2022\/05\/petra-3.png","datePublished":"2022-05-27T13:22:00+00:00","dateModified":"2022-05-30T07:26:22+00:00","breadcrumb":{"@id":"https:\/\/atlantedelgiallo.unilink.it\/index.php\/2022\/05\/27\/petra-in-viaggio-da-barcellona-a-genova\/#breadcrumb"},"inLanguage":"it-IT","potentialAction":[{"@type":"ReadAction","target":["https:\/\/atlantedelgiallo.unilink.it\/index.php\/2022\/05\/27\/petra-in-viaggio-da-barcellona-a-genova\/"]}]},{"@type":"ImageObject","inLanguage":"it-IT","@id":"https:\/\/atlantedelgiallo.unilink.it\/index.php\/2022\/05\/27\/petra-in-viaggio-da-barcellona-a-genova\/#primaryimage","url":"https:\/\/atlantedelgiallo.unilink.it\/wp-content\/uploads\/2022\/05\/petra-3.png","contentUrl":"https:\/\/atlantedelgiallo.unilink.it\/wp-content\/uploads\/2022\/05\/petra-3.png","width":640,"height":344},{"@type":"BreadcrumbList","@id":"https:\/\/atlantedelgiallo.unilink.it\/index.php\/2022\/05\/27\/petra-in-viaggio-da-barcellona-a-genova\/#breadcrumb","itemListElement":[{"@type":"ListItem","position":1,"name":"Home","item":"https:\/\/atlantedelgiallo.unilink.it\/"},{"@type":"ListItem","position":2,"name":"Petra: in viaggio da Barcellona a Genova"}]},{"@type":"WebSite","@id":"https:\/\/atlantedelgiallo.unilink.it\/#website","url":"https:\/\/atlantedelgiallo.unilink.it\/","name":"Atlante del giallo","description":"Progetto Prin 2020","publisher":{"@id":"https:\/\/atlantedelgiallo.unilink.it\/#organization"},"potentialAction":[{"@type":"SearchAction","target":{"@type":"EntryPoint","urlTemplate":"https:\/\/atlantedelgiallo.unilink.it\/?s={search_term_string}"},"query-input":{"@type":"PropertyValueSpecification","valueRequired":true,"valueName":"search_term_string"}}],"inLanguage":"it-IT"},{"@type":"Organization","@id":"https:\/\/atlantedelgiallo.unilink.it\/#organization","name":"Atlante del giallo - Progetto Prin 2020","url":"https:\/\/atlantedelgiallo.unilink.it\/","logo":{"@type":"ImageObject","inLanguage":"it-IT","@id":"https:\/\/atlantedelgiallo.unilink.it\/#\/schema\/logo\/image\/","url":"https:\/\/atlantedelgiallo.unilink.it\/wp-content\/uploads\/2022\/05\/negativo-colore-1.png","contentUrl":"https:\/\/atlantedelgiallo.unilink.it\/wp-content\/uploads\/2022\/05\/negativo-colore-1.png","width":2122,"height":1982,"caption":"Atlante del giallo - Progetto Prin 2020"},"image":{"@id":"https:\/\/atlantedelgiallo.unilink.it\/#\/schema\/logo\/image\/"}},{"@type":"Person","@id":"https:\/\/atlantedelgiallo.unilink.it\/#\/schema\/person\/1807ec08cb223c1ed6fbcb3089227a32","name":"Valentina Re","image":{"@type":"ImageObject","inLanguage":"it-IT","@id":"https:\/\/atlantedelgiallo.unilink.it\/#\/schema\/person\/image\/","url":"https:\/\/secure.gravatar.com\/avatar\/94d2feb17c1caf91868740b191cac4500542b077624b5289882662b814770393?s=96&d=mm&r=g","contentUrl":"https:\/\/secure.gravatar.com\/avatar\/94d2feb17c1caf91868740b191cac4500542b077624b5289882662b814770393?s=96&d=mm&r=g","caption":"Valentina Re"},"url":"https:\/\/atlantedelgiallo.unilink.it\/index.php\/author\/valentina-re\/"}]}},"_links":{"self":[{"href":"https:\/\/atlantedelgiallo.unilink.it\/index.php\/wp-json\/wp\/v2\/posts\/446","targetHints":{"allow":["GET"]}}],"collection":[{"href":"https:\/\/atlantedelgiallo.unilink.it\/index.php\/wp-json\/wp\/v2\/posts"}],"about":[{"href":"https:\/\/atlantedelgiallo.unilink.it\/index.php\/wp-json\/wp\/v2\/types\/post"}],"author":[{"embeddable":true,"href":"https:\/\/atlantedelgiallo.unilink.it\/index.php\/wp-json\/wp\/v2\/users\/3"}],"replies":[{"embeddable":true,"href":"https:\/\/atlantedelgiallo.unilink.it\/index.php\/wp-json\/wp\/v2\/comments?post=446"}],"version-history":[{"count":10,"href":"https:\/\/atlantedelgiallo.unilink.it\/index.php\/wp-json\/wp\/v2\/posts\/446\/revisions"}],"predecessor-version":[{"id":492,"href":"https:\/\/atlantedelgiallo.unilink.it\/index.php\/wp-json\/wp\/v2\/posts\/446\/revisions\/492"}],"wp:featuredmedia":[{"embeddable":true,"href":"https:\/\/atlantedelgiallo.unilink.it\/index.php\/wp-json\/wp\/v2\/media\/453"}],"wp:attachment":[{"href":"https:\/\/atlantedelgiallo.unilink.it\/index.php\/wp-json\/wp\/v2\/media?parent=446"}],"wp:term":[{"taxonomy":"category","embeddable":true,"href":"https:\/\/atlantedelgiallo.unilink.it\/index.php\/wp-json\/wp\/v2\/categories?post=446"},{"taxonomy":"post_tag","embeddable":true,"href":"https:\/\/atlantedelgiallo.unilink.it\/index.php\/wp-json\/wp\/v2\/tags?post=446"}],"curies":[{"name":"wp","href":"https:\/\/api.w.org\/{rel}","templated":true}]}}