{"id":421,"date":"2022-05-28T14:38:45","date_gmt":"2022-05-28T12:38:45","guid":{"rendered":"https:\/\/atlantedelgiallo.unilink.it\/?p=421"},"modified":"2022-05-28T16:27:59","modified_gmt":"2022-05-28T14:27:59","slug":"diabolik-la-regia-dei-manetti-bros","status":"publish","type":"post","link":"https:\/\/atlantedelgiallo.unilink.it\/index.php\/2022\/05\/28\/diabolik-la-regia-dei-manetti-bros\/","title":{"rendered":"Diabolik, la regia dei Manetti Bros"},"content":{"rendered":"\n<p>C\u2019\u00e8 una sfida impegnativa e ambiziosa \u2013 mi pare \u2013 al fondo dell\u2019attesissimo&nbsp;<em><i>Diabolik<\/i><\/em>&nbsp;dei Manetti Bros: trasformare il&nbsp;<em><i>bad hero<\/i><\/em>&nbsp;creato all\u2019inizio degli anni Sessanta, in pieno boom economico, dalle sorelle Giussani in una creatura cinematografica pur conservandone la natura fumettistica. Detto in altri termini:&nbsp;riuscire a conciliare sullo schermo la dinamicit\u00e0 del cinema con la staticit\u00e0 delle vignette del fumetto. \u00c8 da questa visione ibrida e ossimorica che bisogna partire per apprezzare appieno il lavoro dei Manetti Bros e dei loro collaboratori. Il loro&nbsp;<em><i>Diabolik<\/i><\/em>&nbsp;non \u00e8 e non vuol essere un cinecomic n\u00e9 una (inevitabilmente goffa) scimmiottatura italica dell\u2019universo Marvel. \u00c8 piuttosto una sofisticata operazione di&nbsp;<em><i>conceptual art<\/i><\/em>&nbsp;e al tempo stesso di&nbsp;<em><i>retr\u00f2 art<\/i><\/em>&nbsp;che cerca di costruire un epos (magari un poco raggelato, ma pur sempre epos) a partire da una restituzione filologica del clima e delle atmosfere delle tavole originali e del tempo storico in cui quelle tavole nacquero e si depositarono nel nostro immaginario.<\/p>\n\n\n\n<figure class=\"wp-block-image size-large\"><img decoding=\"async\" width=\"1024\" height=\"683\" data-src=\"https:\/\/atlantedelgiallo.unilink.it\/wp-content\/uploads\/2022\/05\/diabolik-1-1024x683.jpg\" alt=\"\" class=\"wp-image-423 lazyload\" data-srcset=\"https:\/\/atlantedelgiallo.unilink.it\/wp-content\/uploads\/2022\/05\/diabolik-1-1024x683.jpg 1024w, https:\/\/atlantedelgiallo.unilink.it\/wp-content\/uploads\/2022\/05\/diabolik-1-300x200.jpg 300w, https:\/\/atlantedelgiallo.unilink.it\/wp-content\/uploads\/2022\/05\/diabolik-1-768x512.jpg 768w, https:\/\/atlantedelgiallo.unilink.it\/wp-content\/uploads\/2022\/05\/diabolik-1.jpg 1440w\" data-sizes=\"(max-width: 1024px) 100vw, 1024px\" src=\"data:image\/gif;base64,R0lGODlhAQABAAAAACH5BAEKAAEALAAAAAABAAEAAAICTAEAOw==\" style=\"--smush-placeholder-width: 1024px; --smush-placeholder-aspect-ratio: 1024\/683;\" \/><\/figure>\n\n\n\n<p>Il&nbsp;<em>vintage<\/em>&nbsp;\u00e8 cos\u00ec la prima cifra che balza agli occhi, non solo negli abiti di scena dei personaggi, negli arredi degli interni (cos\u00ec intrisi di modernariato e di design&nbsp;<em>d\u2019antan<\/em>), negli squarci urbani dominati da architetture razionaliste e novecentesche, ma anche nei colori, nei tagli di luci, nel rapporto fra le immagini e i suoni. Gli anni Sessanta vengono evocati e omaggiati finanche nella recitazione degli attori, nel modo di porgere le batture, perfino nel modo in cui si baciano Diabolik e Eva Kant.&nbsp;Cos\u00ec, ad esempio, dietro l\u2019ispettore Ginko di Valerio Mastandrea sembra di scorgere \u2013 per lo meno agli spettatori meno giovani e con qualche memoria della storia della Tv italiana \u2013 l\u2019ombra del Tenente Sheridan di Ubaldo Lay, mentre i baci a stampo fra Luca Marinelli (Diabolik) e Miriam Leone (Eva) hanno quell\u2019aura di deliziosa inverosimiglianza e di pudica reticenza che rinvia \u2013 appunto \u2013 a certi sceneggiati Rai di quegli anni. Non \u00e8 il realismo che hanno di mira i Manetti Bros. Ma neanche l\u2019ipercinetismo di certi franchise dedicati ai supereroi.&nbsp;Se i Manetti girano un inseguimento (e nel film ce n\u2019\u00e8 di fatto uno solo, quello iniziale, con la Jaguar E-Type nera luccicante che romba zompa salta balza e sparisce) non \u00e8 a&nbsp;<em>Fast &amp;Furious<\/em>&nbsp;che bisogna pensare quanto piuttosto agli ingenui marchingegni e alle diavolerie tecnologiche del primo James Bond cinematografico, che di Diabolik \u2013 non a caso \u2013 \u00e8 un non trascurabile coetaneo&nbsp;(il primo Bond arriva sugli schermi con&nbsp;<em>Agente 007 Licenza di uccidere<\/em>&nbsp;nel 1962, esattamente lo stesso anno in cui esce in edicola Diabolik). Con una differenza: Bond \u00e8 al servizio di sua Maest\u00e0 e ha la licenza di uccidere perch\u00e9 difende il Bene, mentre Diabolik \u00e8 un criminale che la licenza di uccidere se la prende (anche nel film uccide con cinismo lanciando il suo pugnale nella schiena delle vittime) se gli serve per portare a compimento i suoi piani criminali. Come sostiene il guappo interpretato da Toni Servillo in&nbsp;<em>5 \u00e8 il numero perfetto<\/em>&nbsp;di Igort (di nuovo un film tratto da una graphic novel): \u201cI fumetti americani \u2013 dice al figlio \u2013 stanno tutti dalla parte sbagliata. Stanno con i supereroi. Nei fumetti italiani invece, da Diabolik a Kriminal, gli eroi sono tutti delinquenti\u201d. Diabolik \u00e8 la quintessenza di questo paradosso. Ed \u00e8 bene non scordarlo.<\/p>\n\n\n\n<p>Diabolik non \u00e8 \u2013 per dirla con Umberto Eco \u2013 un superuomo di massa. Non \u00e8 un uomo qualunque che si traveste da supereroe per proteggere i deboli dalle vessazioni dei forti. E non \u00e8 neppure un ladro gentiluomo alla Arsenio Lupin. Ma allora: come rendere affascinante un simile personaggio senza tradirne la natura \u201ccriminale\u201d ma anche senza inseguire un epos tribale alla&nbsp;<em>The Godfather<\/em>?&nbsp;Questa \u00e8 l\u2019ulteriore sfida che i Manetti Bros si sono trovati davanti. E l\u2019hanno vinta costruendo un film che \u2013 a differenza dei suoi personaggi \u2013 non mette maschere per fingere di essere quello che non \u00e8: il&nbsp;<em>Diabolik<\/em>&nbsp;dei Manetti mostra \u2013 senza ostentazioni ma anche senza reticenze \u2013 la sua natura di oggetto filmico al tempo stesso ludico (i Manetti giocano con i loro&nbsp;<em>idola<\/em>) e rituale (c\u2019\u00e8 quasi una liturgia celebrativa di tutto un immaginario nazional-popolare), acrobatico (per le acrobazie e le capriole del montaggio, se non altro) e carnevalesco (tutti si mettono in maschera), iconico (la visivit\u00e0 prevale sulla narrazione) e in ultima istanza metafilmico. Perch\u00e9 i Manetti portano la creatura delle sorelle Giussani a dialogare con il fantasma di Hitchcock (le magnetiche&nbsp; entrate in scena della biondissima Eva sono squisitamente hitchcockiane, cos\u00ec come il diamante rosa a cui si d\u00e0 la caccia risulta alla fine poco pi\u00f9 che un macguffin\u2026) e con quello del poliziottesco italiano, senza scordare l\u2019impronta visuale di tutta la tradizione del cinema noir.&nbsp;Operazione raffinata. Molto pi\u00f9 raffinata (e sospesa, ipnotica, rallentata) di quanto molti si aspettassero da un blockbuster da 10 milioni di euro. Ma tant\u2019\u00e8: anche i Manetti ci regalano hitchcockianamente la loro tanche de gateau, la loro fetta di torta.&nbsp;Un po\u2019 ipoglicemica e senza zuccheri aggiunti, forse. Ma per la nostra salute di spettatori golosi, e per il piacere dei nostri occhi, va davvero meglio cos\u00ec.<\/p>\n\n\n\n<figure class=\"wp-block-image size-large\"><img decoding=\"async\" width=\"1024\" height=\"683\" data-src=\"https:\/\/atlantedelgiallo.unilink.it\/wp-content\/uploads\/2022\/05\/diabolik-2-1024x683.jpg\" alt=\"\" class=\"wp-image-434 lazyload\" data-srcset=\"https:\/\/atlantedelgiallo.unilink.it\/wp-content\/uploads\/2022\/05\/diabolik-2-1024x683.jpg 1024w, https:\/\/atlantedelgiallo.unilink.it\/wp-content\/uploads\/2022\/05\/diabolik-2-300x200.jpg 300w, https:\/\/atlantedelgiallo.unilink.it\/wp-content\/uploads\/2022\/05\/diabolik-2-768x512.jpg 768w, https:\/\/atlantedelgiallo.unilink.it\/wp-content\/uploads\/2022\/05\/diabolik-2.jpg 1440w\" data-sizes=\"(max-width: 1024px) 100vw, 1024px\" src=\"data:image\/gif;base64,R0lGODlhAQABAAAAACH5BAEKAAEALAAAAAABAAEAAAICTAEAOw==\" style=\"--smush-placeholder-width: 1024px; --smush-placeholder-aspect-ratio: 1024\/683;\" \/><\/figure>\n\n\n\n<blockquote class=\"wp-block-quote is-layout-flow wp-block-quote-is-layout-flow\"><p><em>L\u2019articolo \u00e8 stato precedentemente pubblicato il 20 dicembre 2021 su <a href=\"https:\/\/welovecinema.it\/2021\/12\/20\/diabolik-la-regia-dei-manetti-bros\/\" target=\"_blank\" rel=\"noreferrer noopener\">We Love Cinema<\/a>.<\/em><\/p><\/blockquote>\n","protected":false},"excerpt":{"rendered":"<p>I Manetti portano Diabolik a dialogare con il fantasma di Hitchcock e con quello del poliziottesco, senza scordare l\u2019impronta del noir.\u00a0<\/p>\n","protected":false},"author":4,"featured_media":443,"comment_status":"closed","ping_status":"open","sticky":false,"template":"","format":"standard","meta":{"footnotes":""},"categories":[5],"tags":[8,9],"class_list":["post-421","post","type-post","status-publish","format-standard","has-post-thumbnail","hentry","category-risorse","tag-diabolik","tag-manetti-bross"],"yoast_head":"<!-- This site is optimized with the Yoast SEO plugin v24.4 - https:\/\/yoast.com\/wordpress\/plugins\/seo\/ -->\n<title>Diabolik, la regia dei Manetti Bros - Atlante del giallo<\/title>\n<meta name=\"robots\" content=\"index, follow, max-snippet:-1, max-image-preview:large, max-video-preview:-1\" \/>\n<link rel=\"canonical\" href=\"https:\/\/atlantedelgiallo.unilink.it\/index.php\/2022\/05\/28\/diabolik-la-regia-dei-manetti-bros\/\" \/>\n<meta property=\"og:locale\" content=\"it_IT\" \/>\n<meta property=\"og:type\" content=\"article\" \/>\n<meta property=\"og:title\" content=\"Diabolik, la regia dei Manetti Bros - Atlante del giallo\" \/>\n<meta property=\"og:description\" content=\"I Manetti portano Diabolik a dialogare con il fantasma di Hitchcock e con quello del poliziottesco, senza scordare l\u2019impronta del noir.\u00a0\" \/>\n<meta property=\"og:url\" content=\"https:\/\/atlantedelgiallo.unilink.it\/index.php\/2022\/05\/28\/diabolik-la-regia-dei-manetti-bros\/\" \/>\n<meta property=\"og:site_name\" content=\"Atlante del giallo\" \/>\n<meta property=\"article:published_time\" content=\"2022-05-28T12:38:45+00:00\" \/>\n<meta property=\"article:modified_time\" content=\"2022-05-28T14:27:59+00:00\" \/>\n<meta property=\"og:image\" content=\"https:\/\/atlantedelgiallo.unilink.it\/wp-content\/uploads\/2022\/05\/diabolik-4.jpg\" \/>\n\t<meta property=\"og:image:width\" content=\"1440\" \/>\n\t<meta property=\"og:image:height\" content=\"960\" \/>\n\t<meta property=\"og:image:type\" content=\"image\/jpeg\" \/>\n<meta name=\"author\" content=\"Gianni Canova\" \/>\n<meta name=\"twitter:card\" content=\"summary_large_image\" \/>\n<script type=\"application\/ld+json\" class=\"yoast-schema-graph\">{\"@context\":\"https:\/\/schema.org\",\"@graph\":[{\"@type\":\"Article\",\"@id\":\"https:\/\/atlantedelgiallo.unilink.it\/index.php\/2022\/05\/28\/diabolik-la-regia-dei-manetti-bros\/#article\",\"isPartOf\":{\"@id\":\"https:\/\/atlantedelgiallo.unilink.it\/index.php\/2022\/05\/28\/diabolik-la-regia-dei-manetti-bros\/\"},\"author\":{\"name\":\"Gianni Canova\",\"@id\":\"https:\/\/atlantedelgiallo.unilink.it\/#\/schema\/person\/a5bbdfac496282260c63315dc1baf236\"},\"headline\":\"Diabolik, la regia dei Manetti Bros\",\"datePublished\":\"2022-05-28T12:38:45+00:00\",\"dateModified\":\"2022-05-28T14:27:59+00:00\",\"mainEntityOfPage\":{\"@id\":\"https:\/\/atlantedelgiallo.unilink.it\/index.php\/2022\/05\/28\/diabolik-la-regia-dei-manetti-bros\/\"},\"wordCount\":878,\"publisher\":{\"@id\":\"https:\/\/atlantedelgiallo.unilink.it\/#organization\"},\"image\":{\"@id\":\"https:\/\/atlantedelgiallo.unilink.it\/index.php\/2022\/05\/28\/diabolik-la-regia-dei-manetti-bros\/#primaryimage\"},\"thumbnailUrl\":\"https:\/\/atlantedelgiallo.unilink.it\/wp-content\/uploads\/2022\/05\/diabolik-4.jpg\",\"keywords\":[\"Diabolik\",\"Manetti Bross\"],\"articleSection\":[\"Risorse\"],\"inLanguage\":\"it-IT\"},{\"@type\":\"WebPage\",\"@id\":\"https:\/\/atlantedelgiallo.unilink.it\/index.php\/2022\/05\/28\/diabolik-la-regia-dei-manetti-bros\/\",\"url\":\"https:\/\/atlantedelgiallo.unilink.it\/index.php\/2022\/05\/28\/diabolik-la-regia-dei-manetti-bros\/\",\"name\":\"Diabolik, la regia dei Manetti Bros - Atlante del giallo\",\"isPartOf\":{\"@id\":\"https:\/\/atlantedelgiallo.unilink.it\/#website\"},\"primaryImageOfPage\":{\"@id\":\"https:\/\/atlantedelgiallo.unilink.it\/index.php\/2022\/05\/28\/diabolik-la-regia-dei-manetti-bros\/#primaryimage\"},\"image\":{\"@id\":\"https:\/\/atlantedelgiallo.unilink.it\/index.php\/2022\/05\/28\/diabolik-la-regia-dei-manetti-bros\/#primaryimage\"},\"thumbnailUrl\":\"https:\/\/atlantedelgiallo.unilink.it\/wp-content\/uploads\/2022\/05\/diabolik-4.jpg\",\"datePublished\":\"2022-05-28T12:38:45+00:00\",\"dateModified\":\"2022-05-28T14:27:59+00:00\",\"breadcrumb\":{\"@id\":\"https:\/\/atlantedelgiallo.unilink.it\/index.php\/2022\/05\/28\/diabolik-la-regia-dei-manetti-bros\/#breadcrumb\"},\"inLanguage\":\"it-IT\",\"potentialAction\":[{\"@type\":\"ReadAction\",\"target\":[\"https:\/\/atlantedelgiallo.unilink.it\/index.php\/2022\/05\/28\/diabolik-la-regia-dei-manetti-bros\/\"]}]},{\"@type\":\"ImageObject\",\"inLanguage\":\"it-IT\",\"@id\":\"https:\/\/atlantedelgiallo.unilink.it\/index.php\/2022\/05\/28\/diabolik-la-regia-dei-manetti-bros\/#primaryimage\",\"url\":\"https:\/\/atlantedelgiallo.unilink.it\/wp-content\/uploads\/2022\/05\/diabolik-4.jpg\",\"contentUrl\":\"https:\/\/atlantedelgiallo.unilink.it\/wp-content\/uploads\/2022\/05\/diabolik-4.jpg\",\"width\":1440,\"height\":960},{\"@type\":\"BreadcrumbList\",\"@id\":\"https:\/\/atlantedelgiallo.unilink.it\/index.php\/2022\/05\/28\/diabolik-la-regia-dei-manetti-bros\/#breadcrumb\",\"itemListElement\":[{\"@type\":\"ListItem\",\"position\":1,\"name\":\"Home\",\"item\":\"https:\/\/atlantedelgiallo.unilink.it\/\"},{\"@type\":\"ListItem\",\"position\":2,\"name\":\"Diabolik, la regia dei Manetti Bros\"}]},{\"@type\":\"WebSite\",\"@id\":\"https:\/\/atlantedelgiallo.unilink.it\/#website\",\"url\":\"https:\/\/atlantedelgiallo.unilink.it\/\",\"name\":\"Atlante del giallo\",\"description\":\"Progetto Prin 2020\",\"publisher\":{\"@id\":\"https:\/\/atlantedelgiallo.unilink.it\/#organization\"},\"potentialAction\":[{\"@type\":\"SearchAction\",\"target\":{\"@type\":\"EntryPoint\",\"urlTemplate\":\"https:\/\/atlantedelgiallo.unilink.it\/?s={search_term_string}\"},\"query-input\":{\"@type\":\"PropertyValueSpecification\",\"valueRequired\":true,\"valueName\":\"search_term_string\"}}],\"inLanguage\":\"it-IT\"},{\"@type\":\"Organization\",\"@id\":\"https:\/\/atlantedelgiallo.unilink.it\/#organization\",\"name\":\"Atlante del giallo - Progetto Prin 2020\",\"url\":\"https:\/\/atlantedelgiallo.unilink.it\/\",\"logo\":{\"@type\":\"ImageObject\",\"inLanguage\":\"it-IT\",\"@id\":\"https:\/\/atlantedelgiallo.unilink.it\/#\/schema\/logo\/image\/\",\"url\":\"https:\/\/atlantedelgiallo.unilink.it\/wp-content\/uploads\/2022\/05\/negativo-colore-1.png\",\"contentUrl\":\"https:\/\/atlantedelgiallo.unilink.it\/wp-content\/uploads\/2022\/05\/negativo-colore-1.png\",\"width\":2122,\"height\":1982,\"caption\":\"Atlante del giallo - Progetto Prin 2020\"},\"image\":{\"@id\":\"https:\/\/atlantedelgiallo.unilink.it\/#\/schema\/logo\/image\/\"}},{\"@type\":\"Person\",\"@id\":\"https:\/\/atlantedelgiallo.unilink.it\/#\/schema\/person\/a5bbdfac496282260c63315dc1baf236\",\"name\":\"Gianni Canova\",\"image\":{\"@type\":\"ImageObject\",\"inLanguage\":\"it-IT\",\"@id\":\"https:\/\/atlantedelgiallo.unilink.it\/#\/schema\/person\/image\/\",\"url\":\"https:\/\/secure.gravatar.com\/avatar\/f6a06d9bac9e3b670800567733e6dc4ef9ea2a2b29c9f40d119be4989c5cae23?s=96&d=mm&r=g\",\"contentUrl\":\"https:\/\/secure.gravatar.com\/avatar\/f6a06d9bac9e3b670800567733e6dc4ef9ea2a2b29c9f40d119be4989c5cae23?s=96&d=mm&r=g\",\"caption\":\"Gianni Canova\"},\"url\":\"https:\/\/atlantedelgiallo.unilink.it\/index.php\/author\/gianni-canova\/\"}]}<\/script>\n<!-- \/ Yoast SEO plugin. -->","yoast_head_json":{"title":"Diabolik, la regia dei Manetti Bros - Atlante del giallo","robots":{"index":"index","follow":"follow","max-snippet":"max-snippet:-1","max-image-preview":"max-image-preview:large","max-video-preview":"max-video-preview:-1"},"canonical":"https:\/\/atlantedelgiallo.unilink.it\/index.php\/2022\/05\/28\/diabolik-la-regia-dei-manetti-bros\/","og_locale":"it_IT","og_type":"article","og_title":"Diabolik, la regia dei Manetti Bros - Atlante del giallo","og_description":"I Manetti portano Diabolik a dialogare con il fantasma di Hitchcock e con quello del poliziottesco, senza scordare l\u2019impronta del noir.\u00a0","og_url":"https:\/\/atlantedelgiallo.unilink.it\/index.php\/2022\/05\/28\/diabolik-la-regia-dei-manetti-bros\/","og_site_name":"Atlante del giallo","article_published_time":"2022-05-28T12:38:45+00:00","article_modified_time":"2022-05-28T14:27:59+00:00","og_image":[{"width":1440,"height":960,"url":"https:\/\/atlantedelgiallo.unilink.it\/wp-content\/uploads\/2022\/05\/diabolik-4.jpg","type":"image\/jpeg"}],"author":"Gianni Canova","twitter_card":"summary_large_image","schema":{"@context":"https:\/\/schema.org","@graph":[{"@type":"Article","@id":"https:\/\/atlantedelgiallo.unilink.it\/index.php\/2022\/05\/28\/diabolik-la-regia-dei-manetti-bros\/#article","isPartOf":{"@id":"https:\/\/atlantedelgiallo.unilink.it\/index.php\/2022\/05\/28\/diabolik-la-regia-dei-manetti-bros\/"},"author":{"name":"Gianni Canova","@id":"https:\/\/atlantedelgiallo.unilink.it\/#\/schema\/person\/a5bbdfac496282260c63315dc1baf236"},"headline":"Diabolik, la regia dei Manetti Bros","datePublished":"2022-05-28T12:38:45+00:00","dateModified":"2022-05-28T14:27:59+00:00","mainEntityOfPage":{"@id":"https:\/\/atlantedelgiallo.unilink.it\/index.php\/2022\/05\/28\/diabolik-la-regia-dei-manetti-bros\/"},"wordCount":878,"publisher":{"@id":"https:\/\/atlantedelgiallo.unilink.it\/#organization"},"image":{"@id":"https:\/\/atlantedelgiallo.unilink.it\/index.php\/2022\/05\/28\/diabolik-la-regia-dei-manetti-bros\/#primaryimage"},"thumbnailUrl":"https:\/\/atlantedelgiallo.unilink.it\/wp-content\/uploads\/2022\/05\/diabolik-4.jpg","keywords":["Diabolik","Manetti Bross"],"articleSection":["Risorse"],"inLanguage":"it-IT"},{"@type":"WebPage","@id":"https:\/\/atlantedelgiallo.unilink.it\/index.php\/2022\/05\/28\/diabolik-la-regia-dei-manetti-bros\/","url":"https:\/\/atlantedelgiallo.unilink.it\/index.php\/2022\/05\/28\/diabolik-la-regia-dei-manetti-bros\/","name":"Diabolik, la regia dei Manetti Bros - Atlante del giallo","isPartOf":{"@id":"https:\/\/atlantedelgiallo.unilink.it\/#website"},"primaryImageOfPage":{"@id":"https:\/\/atlantedelgiallo.unilink.it\/index.php\/2022\/05\/28\/diabolik-la-regia-dei-manetti-bros\/#primaryimage"},"image":{"@id":"https:\/\/atlantedelgiallo.unilink.it\/index.php\/2022\/05\/28\/diabolik-la-regia-dei-manetti-bros\/#primaryimage"},"thumbnailUrl":"https:\/\/atlantedelgiallo.unilink.it\/wp-content\/uploads\/2022\/05\/diabolik-4.jpg","datePublished":"2022-05-28T12:38:45+00:00","dateModified":"2022-05-28T14:27:59+00:00","breadcrumb":{"@id":"https:\/\/atlantedelgiallo.unilink.it\/index.php\/2022\/05\/28\/diabolik-la-regia-dei-manetti-bros\/#breadcrumb"},"inLanguage":"it-IT","potentialAction":[{"@type":"ReadAction","target":["https:\/\/atlantedelgiallo.unilink.it\/index.php\/2022\/05\/28\/diabolik-la-regia-dei-manetti-bros\/"]}]},{"@type":"ImageObject","inLanguage":"it-IT","@id":"https:\/\/atlantedelgiallo.unilink.it\/index.php\/2022\/05\/28\/diabolik-la-regia-dei-manetti-bros\/#primaryimage","url":"https:\/\/atlantedelgiallo.unilink.it\/wp-content\/uploads\/2022\/05\/diabolik-4.jpg","contentUrl":"https:\/\/atlantedelgiallo.unilink.it\/wp-content\/uploads\/2022\/05\/diabolik-4.jpg","width":1440,"height":960},{"@type":"BreadcrumbList","@id":"https:\/\/atlantedelgiallo.unilink.it\/index.php\/2022\/05\/28\/diabolik-la-regia-dei-manetti-bros\/#breadcrumb","itemListElement":[{"@type":"ListItem","position":1,"name":"Home","item":"https:\/\/atlantedelgiallo.unilink.it\/"},{"@type":"ListItem","position":2,"name":"Diabolik, la regia dei Manetti Bros"}]},{"@type":"WebSite","@id":"https:\/\/atlantedelgiallo.unilink.it\/#website","url":"https:\/\/atlantedelgiallo.unilink.it\/","name":"Atlante del giallo","description":"Progetto Prin 2020","publisher":{"@id":"https:\/\/atlantedelgiallo.unilink.it\/#organization"},"potentialAction":[{"@type":"SearchAction","target":{"@type":"EntryPoint","urlTemplate":"https:\/\/atlantedelgiallo.unilink.it\/?s={search_term_string}"},"query-input":{"@type":"PropertyValueSpecification","valueRequired":true,"valueName":"search_term_string"}}],"inLanguage":"it-IT"},{"@type":"Organization","@id":"https:\/\/atlantedelgiallo.unilink.it\/#organization","name":"Atlante del giallo - Progetto Prin 2020","url":"https:\/\/atlantedelgiallo.unilink.it\/","logo":{"@type":"ImageObject","inLanguage":"it-IT","@id":"https:\/\/atlantedelgiallo.unilink.it\/#\/schema\/logo\/image\/","url":"https:\/\/atlantedelgiallo.unilink.it\/wp-content\/uploads\/2022\/05\/negativo-colore-1.png","contentUrl":"https:\/\/atlantedelgiallo.unilink.it\/wp-content\/uploads\/2022\/05\/negativo-colore-1.png","width":2122,"height":1982,"caption":"Atlante del giallo - Progetto Prin 2020"},"image":{"@id":"https:\/\/atlantedelgiallo.unilink.it\/#\/schema\/logo\/image\/"}},{"@type":"Person","@id":"https:\/\/atlantedelgiallo.unilink.it\/#\/schema\/person\/a5bbdfac496282260c63315dc1baf236","name":"Gianni Canova","image":{"@type":"ImageObject","inLanguage":"it-IT","@id":"https:\/\/atlantedelgiallo.unilink.it\/#\/schema\/person\/image\/","url":"https:\/\/secure.gravatar.com\/avatar\/f6a06d9bac9e3b670800567733e6dc4ef9ea2a2b29c9f40d119be4989c5cae23?s=96&d=mm&r=g","contentUrl":"https:\/\/secure.gravatar.com\/avatar\/f6a06d9bac9e3b670800567733e6dc4ef9ea2a2b29c9f40d119be4989c5cae23?s=96&d=mm&r=g","caption":"Gianni Canova"},"url":"https:\/\/atlantedelgiallo.unilink.it\/index.php\/author\/gianni-canova\/"}]}},"_links":{"self":[{"href":"https:\/\/atlantedelgiallo.unilink.it\/index.php\/wp-json\/wp\/v2\/posts\/421","targetHints":{"allow":["GET"]}}],"collection":[{"href":"https:\/\/atlantedelgiallo.unilink.it\/index.php\/wp-json\/wp\/v2\/posts"}],"about":[{"href":"https:\/\/atlantedelgiallo.unilink.it\/index.php\/wp-json\/wp\/v2\/types\/post"}],"author":[{"embeddable":true,"href":"https:\/\/atlantedelgiallo.unilink.it\/index.php\/wp-json\/wp\/v2\/users\/4"}],"replies":[{"embeddable":true,"href":"https:\/\/atlantedelgiallo.unilink.it\/index.php\/wp-json\/wp\/v2\/comments?post=421"}],"version-history":[{"count":12,"href":"https:\/\/atlantedelgiallo.unilink.it\/index.php\/wp-json\/wp\/v2\/posts\/421\/revisions"}],"predecessor-version":[{"id":485,"href":"https:\/\/atlantedelgiallo.unilink.it\/index.php\/wp-json\/wp\/v2\/posts\/421\/revisions\/485"}],"wp:featuredmedia":[{"embeddable":true,"href":"https:\/\/atlantedelgiallo.unilink.it\/index.php\/wp-json\/wp\/v2\/media\/443"}],"wp:attachment":[{"href":"https:\/\/atlantedelgiallo.unilink.it\/index.php\/wp-json\/wp\/v2\/media?parent=421"}],"wp:term":[{"taxonomy":"category","embeddable":true,"href":"https:\/\/atlantedelgiallo.unilink.it\/index.php\/wp-json\/wp\/v2\/categories?post=421"},{"taxonomy":"post_tag","embeddable":true,"href":"https:\/\/atlantedelgiallo.unilink.it\/index.php\/wp-json\/wp\/v2\/tags?post=421"}],"curies":[{"name":"wp","href":"https:\/\/api.w.org\/{rel}","templated":true}]}}