{"id":1145,"date":"2024-10-09T15:39:17","date_gmt":"2024-10-09T13:39:17","guid":{"rendered":"https:\/\/atlantedelgiallo.unilink.it\/?p=1145"},"modified":"2024-10-09T15:42:13","modified_gmt":"2024-10-09T13:42:13","slug":"intervento-al-workshop-il-pranzo-e-servito","status":"publish","type":"post","link":"https:\/\/atlantedelgiallo.unilink.it\/index.php\/2024\/10\/09\/intervento-al-workshop-il-pranzo-e-servito\/","title":{"rendered":"\u201cTroppi anni in appartamenti con un gran congelatore\u201d: culture gastronomiche e identit\u00e0 di genere nelle serie crime italiane"},"content":{"rendered":"\n<h3 class=\"wp-block-heading\"><strong>16 ottobre 2024 &#8211; Universit\u00e0 di Torino<\/strong><\/h3>\n\n\n\n<h3 class=\"wp-block-heading\"><strong>Workshop \u201cIl pranzo \u00e8 servito. Cibo, televisione e media contemporanei: ricerche e prospettive\u201d<\/strong><\/h3>\n\n\n\n<p class=\"has-text-align-left\">Il primo romanzo della serie dedicata alle avventure investigative dell\u2019<strong>ispettrice Petra Delicado<\/strong> (<em>Riti di morte<\/em> di Alicia Gim\u00e9nez Bartlett, 1996) si apre con il trasferimento della protagonista in una \u201ccasetta con giardino\u201d nel quartiere di Poblenou a Barcellona. Piuttosto che di un capriccio, commenta Petra, si tratta di una \u201copportunit\u00e0 per cambiare\u201d, per \u201ctoccare terra ferma\u201d e \u201cmettere radici\u201d, \u201ccoltivare qualche pianta nel giardinetto di casa e mangiare pi\u00f9 spesso una cena calda\u201d dopo \u201ctroppi anni passati in appartamenti con mobili funzionali e un gran congelatore\u201d. Dopo una descrizione sommaria della nuova cucina la protagonista aggiunge: \u201cL\u00ec sopra avrei preparato elaborati manicaretti, piatti che avrebbero fatto perdere la pazienza perfino alle nostre nonne, ollas podridas e stufati che avrebbero richiesto giorni interi di cottura a fuoco lento. Avrei detto addio [\u2026] ai pasti precotti, alla pizza telefonica, all\u2019hot dog, al taco messicano e al chop-suey in vaschetta. Avrei smesso di andare a cena in trattoria col minimo pretesto\u201d.<br>Avrei, appunto: il condizionale rimane nel romanzo espressione di un\u2019intenzione che rimarr\u00e0 tale, perch\u00e9 Petra, alle prese con il suo primo caso \u201csul campo\u201d insieme al suo vice, il tempo per cucinare non lo trover\u00e0 mai. Tuttavia, <strong>i riferimenti alla cucina nell\u2019incipit del romanzo ci dicono moltissime cose in merito al ruolo culturale del cibo e al suo ruolo specifico nella caratterizzazione del personaggio.<\/strong> L\u2019incipit ci parla del rapporto tra cultura gastronomica e identit\u00e0 culturale (i riferimenti al \u201cmettere radici\u201d e allo stufato tradizionale spagnolo) evidenziando al contempo come l\u2019identit\u00e0 (gastronomica e culturale) sia sempre relazionale (i riferimenti ad altre tradizioni culinarie). Alla dimensione geografica della cultura gastronomica l\u2019incipit associa anche quella storica e temporale, con i riferimenti alle rischiose comodit\u00e0 della vita moderna (il congelatore, i pasti precotti, la consegna a domicilio) contrapposti alla pazienza delle \u201cnonne\u201d, portatrici della tradizione. Il riferimento alle nonne introduce anche la <strong>dimensione di genere della cultura gastronomica, con l\u2019ambivalente posizionamento delle identit\u00e0 maschili e femminili in relazione alle pratiche culinarie e alla divisione dei ruoli in famiglia<\/strong>, e tutto ci\u00f2 che ne consegue in termini di definizione di modelli di mascolinit\u00e0 e femminilit\u00e0 tradizionali. In questo senso, il sottrarsi di Petra alle mansioni culinarie diventa significativo su tre diversi livelli: quello relativo al genere come modello prescrittivo di identit\u00e0 femminile, che la protagonista mette in discussione e sfida attraverso le sue scelte di vita, insofferente di convenzioni e stereotipi; quello relativo al rapporto tra ruoli di genere e genere poliziesco, che vede il protagonista delle indagini (storicamente maschio) costretto (non necessariamente suo malgrado) a trascurare la vita privata e familiare; quello relativo al rapporto tra ruoli di genere, genere poliziesco e il sottogenere del Noir Mediterraneo, dove l\u2019introduzione di una protagonista femminile sembra richiedere uno scarto sostanziale rispetto alle passioni culinarie di un Montalbano, piuttosto che di un Pepe Carvalho o di un Kostas Charitos. Il contributo di Valentina Re si inserisce all\u2019interno delle ricerche svolte in \u201cAtlante del giallo\u201d e intende sviluppare gli spunti proposti dall\u2019incipit di <em>Riti di morte<\/em> sia in relazione all\u2019adattamento televisivo italiano (<strong><em>Petra<\/em><\/strong>) che Sky realizza, dal 2020, dei romanzi di Alicia Gim\u00e9nez Bartlett, sia in relazione al pi\u00f9 ampio panorama delle serie crime italiane che, soprattutto a partire dalle innovazioni introdotte da <strong><em>Non uccidere<\/em><\/strong> nel 2015, mettono una protagonista femminile al centro della storia.<\/p>\n\n\n\n<p><\/p>\n\n\n\n<div class=\"wp-block-buttons is-layout-flex wp-block-buttons-is-layout-flex\">\n<div class=\"wp-block-button\"><a class=\"wp-block-button__link wp-element-button\" href=\"https:\/\/atlantedelgiallo.unilink.it\/wp-content\/uploads\/2024\/10\/Pranzo_servito2-min.png\">Scarica la locandina<\/a><\/div>\n<\/div>\n","protected":false},"excerpt":{"rendered":"<p>16 ottobre 2024 &#8211; Universit\u00e0 di Torino Workshop \u201cIl pranzo \u00e8 servito. Cibo, televisione e media contemporanei: ricerche e prospettive\u201d Il primo romanzo della serie dedicata alle avventure investigative dell\u2019ispettrice Petra Delicado (Riti di morte di Alicia Gim\u00e9nez Bartlett, 1996) si apre con il trasferimento della protagonista in una \u201ccasetta con giardino\u201d nel quartiere di [&hellip;]<\/p>\n","protected":false},"author":1,"featured_media":1152,"comment_status":"closed","ping_status":"open","sticky":false,"template":"","format":"standard","meta":{"footnotes":""},"categories":[1],"tags":[58,17,59,40],"class_list":["post-1145","post","type-post","status-publish","format-standard","has-post-thumbnail","hentry","category-news","tag-cibo","tag-giallo","tag-torino","tag-workshop"],"yoast_head":"<!-- This site is optimized with the Yoast SEO plugin v24.4 - https:\/\/yoast.com\/wordpress\/plugins\/seo\/ -->\n<title>\u201cTroppi anni in appartamenti con un gran congelatore\u201d: culture gastronomiche e identit\u00e0 di genere nelle serie crime italiane - Atlante del giallo<\/title>\n<meta name=\"robots\" content=\"index, follow, max-snippet:-1, max-image-preview:large, max-video-preview:-1\" \/>\n<link rel=\"canonical\" href=\"https:\/\/atlantedelgiallo.unilink.it\/index.php\/2024\/10\/09\/intervento-al-workshop-il-pranzo-e-servito\/\" \/>\n<meta property=\"og:locale\" content=\"it_IT\" \/>\n<meta property=\"og:type\" content=\"article\" \/>\n<meta property=\"og:title\" content=\"\u201cTroppi anni in appartamenti con un gran congelatore\u201d: culture gastronomiche e identit\u00e0 di genere nelle serie crime italiane - Atlante del giallo\" \/>\n<meta property=\"og:description\" content=\"16 ottobre 2024 &#8211; Universit\u00e0 di Torino Workshop \u201cIl pranzo \u00e8 servito. Cibo, televisione e media contemporanei: ricerche e prospettive\u201d Il primo romanzo della serie dedicata alle avventure investigative dell\u2019ispettrice Petra Delicado (Riti di morte di Alicia Gim\u00e9nez Bartlett, 1996) si apre con il trasferimento della protagonista in una \u201ccasetta con giardino\u201d nel quartiere di [&hellip;]\" \/>\n<meta property=\"og:url\" content=\"https:\/\/atlantedelgiallo.unilink.it\/index.php\/2024\/10\/09\/intervento-al-workshop-il-pranzo-e-servito\/\" \/>\n<meta property=\"og:site_name\" content=\"Atlante del giallo\" \/>\n<meta property=\"article:published_time\" content=\"2024-10-09T13:39:17+00:00\" \/>\n<meta property=\"article:modified_time\" content=\"2024-10-09T13:42:13+00:00\" \/>\n<meta property=\"og:image\" content=\"https:\/\/atlantedelgiallo.unilink.it\/wp-content\/uploads\/2024\/10\/Pranzo_servito1-min-e1728480896551.png\" \/>\n\t<meta property=\"og:image:width\" content=\"1920\" \/>\n\t<meta property=\"og:image:height\" content=\"1738\" \/>\n\t<meta property=\"og:image:type\" content=\"image\/png\" \/>\n<meta name=\"author\" content=\"admin\" \/>\n<meta name=\"twitter:card\" content=\"summary_large_image\" \/>\n<script type=\"application\/ld+json\" class=\"yoast-schema-graph\">{\"@context\":\"https:\/\/schema.org\",\"@graph\":[{\"@type\":\"Article\",\"@id\":\"https:\/\/atlantedelgiallo.unilink.it\/index.php\/2024\/10\/09\/intervento-al-workshop-il-pranzo-e-servito\/#article\",\"isPartOf\":{\"@id\":\"https:\/\/atlantedelgiallo.unilink.it\/index.php\/2024\/10\/09\/intervento-al-workshop-il-pranzo-e-servito\/\"},\"author\":{\"name\":\"admin\",\"@id\":\"https:\/\/atlantedelgiallo.unilink.it\/#\/schema\/person\/bb3aea57edeedd8bbe5c2e2c0a00fca6\"},\"headline\":\"\u201cTroppi anni in appartamenti con un gran congelatore\u201d: culture gastronomiche e identit\u00e0 di genere nelle serie crime italiane\",\"datePublished\":\"2024-10-09T13:39:17+00:00\",\"dateModified\":\"2024-10-09T13:42:13+00:00\",\"mainEntityOfPage\":{\"@id\":\"https:\/\/atlantedelgiallo.unilink.it\/index.php\/2024\/10\/09\/intervento-al-workshop-il-pranzo-e-servito\/\"},\"wordCount\":593,\"publisher\":{\"@id\":\"https:\/\/atlantedelgiallo.unilink.it\/#organization\"},\"image\":{\"@id\":\"https:\/\/atlantedelgiallo.unilink.it\/index.php\/2024\/10\/09\/intervento-al-workshop-il-pranzo-e-servito\/#primaryimage\"},\"thumbnailUrl\":\"https:\/\/atlantedelgiallo.unilink.it\/wp-content\/uploads\/2024\/10\/Pranzo_servito1-min-e1728480896551.png\",\"keywords\":[\"cibo\",\"giallo\",\"torino\",\"workshop\"],\"articleSection\":[\"News\"],\"inLanguage\":\"it-IT\"},{\"@type\":\"WebPage\",\"@id\":\"https:\/\/atlantedelgiallo.unilink.it\/index.php\/2024\/10\/09\/intervento-al-workshop-il-pranzo-e-servito\/\",\"url\":\"https:\/\/atlantedelgiallo.unilink.it\/index.php\/2024\/10\/09\/intervento-al-workshop-il-pranzo-e-servito\/\",\"name\":\"\u201cTroppi anni in appartamenti con un gran congelatore\u201d: culture gastronomiche e identit\u00e0 di genere nelle serie crime italiane - Atlante del giallo\",\"isPartOf\":{\"@id\":\"https:\/\/atlantedelgiallo.unilink.it\/#website\"},\"primaryImageOfPage\":{\"@id\":\"https:\/\/atlantedelgiallo.unilink.it\/index.php\/2024\/10\/09\/intervento-al-workshop-il-pranzo-e-servito\/#primaryimage\"},\"image\":{\"@id\":\"https:\/\/atlantedelgiallo.unilink.it\/index.php\/2024\/10\/09\/intervento-al-workshop-il-pranzo-e-servito\/#primaryimage\"},\"thumbnailUrl\":\"https:\/\/atlantedelgiallo.unilink.it\/wp-content\/uploads\/2024\/10\/Pranzo_servito1-min-e1728480896551.png\",\"datePublished\":\"2024-10-09T13:39:17+00:00\",\"dateModified\":\"2024-10-09T13:42:13+00:00\",\"breadcrumb\":{\"@id\":\"https:\/\/atlantedelgiallo.unilink.it\/index.php\/2024\/10\/09\/intervento-al-workshop-il-pranzo-e-servito\/#breadcrumb\"},\"inLanguage\":\"it-IT\",\"potentialAction\":[{\"@type\":\"ReadAction\",\"target\":[\"https:\/\/atlantedelgiallo.unilink.it\/index.php\/2024\/10\/09\/intervento-al-workshop-il-pranzo-e-servito\/\"]}]},{\"@type\":\"ImageObject\",\"inLanguage\":\"it-IT\",\"@id\":\"https:\/\/atlantedelgiallo.unilink.it\/index.php\/2024\/10\/09\/intervento-al-workshop-il-pranzo-e-servito\/#primaryimage\",\"url\":\"https:\/\/atlantedelgiallo.unilink.it\/wp-content\/uploads\/2024\/10\/Pranzo_servito1-min-e1728480896551.png\",\"contentUrl\":\"https:\/\/atlantedelgiallo.unilink.it\/wp-content\/uploads\/2024\/10\/Pranzo_servito1-min-e1728480896551.png\",\"width\":1920,\"height\":1738},{\"@type\":\"BreadcrumbList\",\"@id\":\"https:\/\/atlantedelgiallo.unilink.it\/index.php\/2024\/10\/09\/intervento-al-workshop-il-pranzo-e-servito\/#breadcrumb\",\"itemListElement\":[{\"@type\":\"ListItem\",\"position\":1,\"name\":\"Home\",\"item\":\"https:\/\/atlantedelgiallo.unilink.it\/\"},{\"@type\":\"ListItem\",\"position\":2,\"name\":\"\u201cTroppi anni in appartamenti con un gran congelatore\u201d: culture gastronomiche e identit\u00e0 di genere nelle serie crime italiane\"}]},{\"@type\":\"WebSite\",\"@id\":\"https:\/\/atlantedelgiallo.unilink.it\/#website\",\"url\":\"https:\/\/atlantedelgiallo.unilink.it\/\",\"name\":\"Atlante del giallo\",\"description\":\"Progetto Prin 2020\",\"publisher\":{\"@id\":\"https:\/\/atlantedelgiallo.unilink.it\/#organization\"},\"potentialAction\":[{\"@type\":\"SearchAction\",\"target\":{\"@type\":\"EntryPoint\",\"urlTemplate\":\"https:\/\/atlantedelgiallo.unilink.it\/?s={search_term_string}\"},\"query-input\":{\"@type\":\"PropertyValueSpecification\",\"valueRequired\":true,\"valueName\":\"search_term_string\"}}],\"inLanguage\":\"it-IT\"},{\"@type\":\"Organization\",\"@id\":\"https:\/\/atlantedelgiallo.unilink.it\/#organization\",\"name\":\"Atlante del giallo - Progetto Prin 2020\",\"url\":\"https:\/\/atlantedelgiallo.unilink.it\/\",\"logo\":{\"@type\":\"ImageObject\",\"inLanguage\":\"it-IT\",\"@id\":\"https:\/\/atlantedelgiallo.unilink.it\/#\/schema\/logo\/image\/\",\"url\":\"https:\/\/atlantedelgiallo.unilink.it\/wp-content\/uploads\/2022\/05\/negativo-colore-1.png\",\"contentUrl\":\"https:\/\/atlantedelgiallo.unilink.it\/wp-content\/uploads\/2022\/05\/negativo-colore-1.png\",\"width\":2122,\"height\":1982,\"caption\":\"Atlante del giallo - Progetto Prin 2020\"},\"image\":{\"@id\":\"https:\/\/atlantedelgiallo.unilink.it\/#\/schema\/logo\/image\/\"}},{\"@type\":\"Person\",\"@id\":\"https:\/\/atlantedelgiallo.unilink.it\/#\/schema\/person\/bb3aea57edeedd8bbe5c2e2c0a00fca6\",\"name\":\"admin\",\"image\":{\"@type\":\"ImageObject\",\"inLanguage\":\"it-IT\",\"@id\":\"https:\/\/atlantedelgiallo.unilink.it\/#\/schema\/person\/image\/\",\"url\":\"https:\/\/secure.gravatar.com\/avatar\/4ba1b6ada34ba7405411b2bb2eb4902d548826370c26166cda6623136725b274?s=96&d=mm&r=g\",\"contentUrl\":\"https:\/\/secure.gravatar.com\/avatar\/4ba1b6ada34ba7405411b2bb2eb4902d548826370c26166cda6623136725b274?s=96&d=mm&r=g\",\"caption\":\"admin\"},\"sameAs\":[\"https:\/\/atlantedelgiallo.unilink.it\"],\"url\":\"https:\/\/atlantedelgiallo.unilink.it\/index.php\/author\/admin\/\"}]}<\/script>\n<!-- \/ Yoast SEO plugin. -->","yoast_head_json":{"title":"\u201cTroppi anni in appartamenti con un gran congelatore\u201d: culture gastronomiche e identit\u00e0 di genere nelle serie crime italiane - Atlante del giallo","robots":{"index":"index","follow":"follow","max-snippet":"max-snippet:-1","max-image-preview":"max-image-preview:large","max-video-preview":"max-video-preview:-1"},"canonical":"https:\/\/atlantedelgiallo.unilink.it\/index.php\/2024\/10\/09\/intervento-al-workshop-il-pranzo-e-servito\/","og_locale":"it_IT","og_type":"article","og_title":"\u201cTroppi anni in appartamenti con un gran congelatore\u201d: culture gastronomiche e identit\u00e0 di genere nelle serie crime italiane - Atlante del giallo","og_description":"16 ottobre 2024 &#8211; Universit\u00e0 di Torino Workshop \u201cIl pranzo \u00e8 servito. Cibo, televisione e media contemporanei: ricerche e prospettive\u201d Il primo romanzo della serie dedicata alle avventure investigative dell\u2019ispettrice Petra Delicado (Riti di morte di Alicia Gim\u00e9nez Bartlett, 1996) si apre con il trasferimento della protagonista in una \u201ccasetta con giardino\u201d nel quartiere di [&hellip;]","og_url":"https:\/\/atlantedelgiallo.unilink.it\/index.php\/2024\/10\/09\/intervento-al-workshop-il-pranzo-e-servito\/","og_site_name":"Atlante del giallo","article_published_time":"2024-10-09T13:39:17+00:00","article_modified_time":"2024-10-09T13:42:13+00:00","og_image":[{"width":1920,"height":1738,"url":"https:\/\/atlantedelgiallo.unilink.it\/wp-content\/uploads\/2024\/10\/Pranzo_servito1-min-e1728480896551.png","type":"image\/png"}],"author":"admin","twitter_card":"summary_large_image","schema":{"@context":"https:\/\/schema.org","@graph":[{"@type":"Article","@id":"https:\/\/atlantedelgiallo.unilink.it\/index.php\/2024\/10\/09\/intervento-al-workshop-il-pranzo-e-servito\/#article","isPartOf":{"@id":"https:\/\/atlantedelgiallo.unilink.it\/index.php\/2024\/10\/09\/intervento-al-workshop-il-pranzo-e-servito\/"},"author":{"name":"admin","@id":"https:\/\/atlantedelgiallo.unilink.it\/#\/schema\/person\/bb3aea57edeedd8bbe5c2e2c0a00fca6"},"headline":"\u201cTroppi anni in appartamenti con un gran congelatore\u201d: culture gastronomiche e identit\u00e0 di genere nelle serie crime italiane","datePublished":"2024-10-09T13:39:17+00:00","dateModified":"2024-10-09T13:42:13+00:00","mainEntityOfPage":{"@id":"https:\/\/atlantedelgiallo.unilink.it\/index.php\/2024\/10\/09\/intervento-al-workshop-il-pranzo-e-servito\/"},"wordCount":593,"publisher":{"@id":"https:\/\/atlantedelgiallo.unilink.it\/#organization"},"image":{"@id":"https:\/\/atlantedelgiallo.unilink.it\/index.php\/2024\/10\/09\/intervento-al-workshop-il-pranzo-e-servito\/#primaryimage"},"thumbnailUrl":"https:\/\/atlantedelgiallo.unilink.it\/wp-content\/uploads\/2024\/10\/Pranzo_servito1-min-e1728480896551.png","keywords":["cibo","giallo","torino","workshop"],"articleSection":["News"],"inLanguage":"it-IT"},{"@type":"WebPage","@id":"https:\/\/atlantedelgiallo.unilink.it\/index.php\/2024\/10\/09\/intervento-al-workshop-il-pranzo-e-servito\/","url":"https:\/\/atlantedelgiallo.unilink.it\/index.php\/2024\/10\/09\/intervento-al-workshop-il-pranzo-e-servito\/","name":"\u201cTroppi anni in appartamenti con un gran congelatore\u201d: culture gastronomiche e identit\u00e0 di genere nelle serie crime italiane - Atlante del giallo","isPartOf":{"@id":"https:\/\/atlantedelgiallo.unilink.it\/#website"},"primaryImageOfPage":{"@id":"https:\/\/atlantedelgiallo.unilink.it\/index.php\/2024\/10\/09\/intervento-al-workshop-il-pranzo-e-servito\/#primaryimage"},"image":{"@id":"https:\/\/atlantedelgiallo.unilink.it\/index.php\/2024\/10\/09\/intervento-al-workshop-il-pranzo-e-servito\/#primaryimage"},"thumbnailUrl":"https:\/\/atlantedelgiallo.unilink.it\/wp-content\/uploads\/2024\/10\/Pranzo_servito1-min-e1728480896551.png","datePublished":"2024-10-09T13:39:17+00:00","dateModified":"2024-10-09T13:42:13+00:00","breadcrumb":{"@id":"https:\/\/atlantedelgiallo.unilink.it\/index.php\/2024\/10\/09\/intervento-al-workshop-il-pranzo-e-servito\/#breadcrumb"},"inLanguage":"it-IT","potentialAction":[{"@type":"ReadAction","target":["https:\/\/atlantedelgiallo.unilink.it\/index.php\/2024\/10\/09\/intervento-al-workshop-il-pranzo-e-servito\/"]}]},{"@type":"ImageObject","inLanguage":"it-IT","@id":"https:\/\/atlantedelgiallo.unilink.it\/index.php\/2024\/10\/09\/intervento-al-workshop-il-pranzo-e-servito\/#primaryimage","url":"https:\/\/atlantedelgiallo.unilink.it\/wp-content\/uploads\/2024\/10\/Pranzo_servito1-min-e1728480896551.png","contentUrl":"https:\/\/atlantedelgiallo.unilink.it\/wp-content\/uploads\/2024\/10\/Pranzo_servito1-min-e1728480896551.png","width":1920,"height":1738},{"@type":"BreadcrumbList","@id":"https:\/\/atlantedelgiallo.unilink.it\/index.php\/2024\/10\/09\/intervento-al-workshop-il-pranzo-e-servito\/#breadcrumb","itemListElement":[{"@type":"ListItem","position":1,"name":"Home","item":"https:\/\/atlantedelgiallo.unilink.it\/"},{"@type":"ListItem","position":2,"name":"\u201cTroppi anni in appartamenti con un gran congelatore\u201d: culture gastronomiche e identit\u00e0 di genere nelle serie crime italiane"}]},{"@type":"WebSite","@id":"https:\/\/atlantedelgiallo.unilink.it\/#website","url":"https:\/\/atlantedelgiallo.unilink.it\/","name":"Atlante del giallo","description":"Progetto Prin 2020","publisher":{"@id":"https:\/\/atlantedelgiallo.unilink.it\/#organization"},"potentialAction":[{"@type":"SearchAction","target":{"@type":"EntryPoint","urlTemplate":"https:\/\/atlantedelgiallo.unilink.it\/?s={search_term_string}"},"query-input":{"@type":"PropertyValueSpecification","valueRequired":true,"valueName":"search_term_string"}}],"inLanguage":"it-IT"},{"@type":"Organization","@id":"https:\/\/atlantedelgiallo.unilink.it\/#organization","name":"Atlante del giallo - Progetto Prin 2020","url":"https:\/\/atlantedelgiallo.unilink.it\/","logo":{"@type":"ImageObject","inLanguage":"it-IT","@id":"https:\/\/atlantedelgiallo.unilink.it\/#\/schema\/logo\/image\/","url":"https:\/\/atlantedelgiallo.unilink.it\/wp-content\/uploads\/2022\/05\/negativo-colore-1.png","contentUrl":"https:\/\/atlantedelgiallo.unilink.it\/wp-content\/uploads\/2022\/05\/negativo-colore-1.png","width":2122,"height":1982,"caption":"Atlante del giallo - Progetto Prin 2020"},"image":{"@id":"https:\/\/atlantedelgiallo.unilink.it\/#\/schema\/logo\/image\/"}},{"@type":"Person","@id":"https:\/\/atlantedelgiallo.unilink.it\/#\/schema\/person\/bb3aea57edeedd8bbe5c2e2c0a00fca6","name":"admin","image":{"@type":"ImageObject","inLanguage":"it-IT","@id":"https:\/\/atlantedelgiallo.unilink.it\/#\/schema\/person\/image\/","url":"https:\/\/secure.gravatar.com\/avatar\/4ba1b6ada34ba7405411b2bb2eb4902d548826370c26166cda6623136725b274?s=96&d=mm&r=g","contentUrl":"https:\/\/secure.gravatar.com\/avatar\/4ba1b6ada34ba7405411b2bb2eb4902d548826370c26166cda6623136725b274?s=96&d=mm&r=g","caption":"admin"},"sameAs":["https:\/\/atlantedelgiallo.unilink.it"],"url":"https:\/\/atlantedelgiallo.unilink.it\/index.php\/author\/admin\/"}]}},"_links":{"self":[{"href":"https:\/\/atlantedelgiallo.unilink.it\/index.php\/wp-json\/wp\/v2\/posts\/1145","targetHints":{"allow":["GET"]}}],"collection":[{"href":"https:\/\/atlantedelgiallo.unilink.it\/index.php\/wp-json\/wp\/v2\/posts"}],"about":[{"href":"https:\/\/atlantedelgiallo.unilink.it\/index.php\/wp-json\/wp\/v2\/types\/post"}],"author":[{"embeddable":true,"href":"https:\/\/atlantedelgiallo.unilink.it\/index.php\/wp-json\/wp\/v2\/users\/1"}],"replies":[{"embeddable":true,"href":"https:\/\/atlantedelgiallo.unilink.it\/index.php\/wp-json\/wp\/v2\/comments?post=1145"}],"version-history":[{"count":5,"href":"https:\/\/atlantedelgiallo.unilink.it\/index.php\/wp-json\/wp\/v2\/posts\/1145\/revisions"}],"predecessor-version":[{"id":1155,"href":"https:\/\/atlantedelgiallo.unilink.it\/index.php\/wp-json\/wp\/v2\/posts\/1145\/revisions\/1155"}],"wp:featuredmedia":[{"embeddable":true,"href":"https:\/\/atlantedelgiallo.unilink.it\/index.php\/wp-json\/wp\/v2\/media\/1152"}],"wp:attachment":[{"href":"https:\/\/atlantedelgiallo.unilink.it\/index.php\/wp-json\/wp\/v2\/media?parent=1145"}],"wp:term":[{"taxonomy":"category","embeddable":true,"href":"https:\/\/atlantedelgiallo.unilink.it\/index.php\/wp-json\/wp\/v2\/categories?post=1145"},{"taxonomy":"post_tag","embeddable":true,"href":"https:\/\/atlantedelgiallo.unilink.it\/index.php\/wp-json\/wp\/v2\/tags?post=1145"}],"curies":[{"name":"wp","href":"https:\/\/api.w.org\/{rel}","templated":true}]}}